{"id":1,"date":"2024-12-19T12:29:54","date_gmt":"2024-12-19T15:29:54","guid":{"rendered":"https:\/\/vamosdelongevidade.com.br\/loja\/?p=1"},"modified":"2025-10-29T20:51:30","modified_gmt":"2025-10-29T23:51:30","slug":"caneca-personalizada-de-porcelana-flork-profissoes-terapeuta-holistica-reiki","status":"publish","type":"post","link":"https:\/\/vamosdelongevidade.com.br\/loja\/caneca-personalizada-de-porcelana-flork-profissoes-terapeuta-holistica-reiki\/","title":{"rendered":"Caneca Personalizada de Porcelana &#8211; Flork Profiss\u00f5es \/ Terapeuta Hol\u00edstica * Reiki"},"content":{"rendered":"<p><img loading=\"lazy\" decoding=\"async\" class=\"alignnone size-full wp-image-1847\" src=\"https:\/\/vamosdelongevidade.com.br\/loja\/wp-content\/uploads\/2024\/12\/vamos-de-longevidade-caneca-terapeutica.webp\" alt=\"\" width=\"1000\" height=\"1000\" srcset=\"https:\/\/vamosdelongevidade.com.br\/loja\/wp-content\/uploads\/2024\/12\/vamos-de-longevidade-caneca-terapeutica.webp 1000w, https:\/\/vamosdelongevidade.com.br\/loja\/wp-content\/uploads\/2024\/12\/vamos-de-longevidade-caneca-terapeutica-300x300.webp 300w, https:\/\/vamosdelongevidade.com.br\/loja\/wp-content\/uploads\/2024\/12\/vamos-de-longevidade-caneca-terapeutica-170x170.webp 170w, https:\/\/vamosdelongevidade.com.br\/loja\/wp-content\/uploads\/2024\/12\/vamos-de-longevidade-caneca-terapeutica-768x768.webp 768w, https:\/\/vamosdelongevidade.com.br\/loja\/wp-content\/uploads\/2024\/12\/vamos-de-longevidade-caneca-terapeutica-110x110.webp 110w, https:\/\/vamosdelongevidade.com.br\/loja\/wp-content\/uploads\/2024\/12\/vamos-de-longevidade-caneca-terapeutica-100x100.webp 100w\" sizes=\"auto, (max-width: 1000px) 100vw, 1000px\" \/><\/p>\n<p class=\"QN2lPu\">ANTES DE FINALIZAR A COMPRA INFORME NA CAIXA DE OBSER\u00c7\u00c3O O NOME QUE DEVER\u00c1 SER ESTAMPADO.<\/p>\n<p class=\"QN2lPu\">CASO CONTR\u00c1RIO SUA CANECA SEGUIR\u00c1 SEM O NOME.<\/p>\n<p class=\"QN2lPu\">Nossas canecas s\u00e3o a escolha ideal para voc\u00ea presentear aquela pessoa querida ou at\u00e9 mesmo para voc\u00ea incluir na sua cole\u00e7\u00e3o.<\/p>\n<p class=\"QN2lPu\">Produzidas com muito carinho e amor, com o objetivo de trazer um sorriso para quem a recebe.<\/p>\n<p class=\"QN2lPu\">Para garantir um exelente produto, todas nossas canecas s\u00e3o confeccionadas artesanalmente atrav\u00e9s do processo de sublima\u00e7\u00e3o que garante a caneca uma estampa dur\u00e1vel, que n\u00e3o sai com o uso e proporciona um alto brilho no acabamento, ap\u00f3s serem produzidas passam por um rigoroso controle de qualidade mais uma vez garantindo seu acabamento e durabilidade.<\/p>\n<p class=\"QN2lPu\"><strong>Especifica\u00e7\u00f5es:<\/strong><\/p>\n<ul>\n<li class=\"QN2lPu\">Caneca feita de LOU\u00c7A (PORCELANA)<\/li>\n<li class=\"QN2lPu\">Capacidade: 325 ML<\/li>\n<li class=\"QN2lPu\">Dimens\u00e3o: 8,5 cm x 9,5 cm<\/li>\n<\/ul>\n<p class=\"QN2lPu\"><strong>Cuidados para garantir uma maior durabilidade do seu produto:<\/strong><\/p>\n<ul>\n<li class=\"QN2lPu\">Lave sua Caneca apenas usando \u00e1gua e sab\u00e3o ou detergente. N\u00e3o use nenhum outro produto de limpeza, isso evita interfer\u00eancia de qu\u00edmicas em seu produto.<\/li>\n<li class=\"QN2lPu\">Ao lavar use sempre o lado macio da esponja. N\u00e3o utilize o lado \u00e1spero ou palhas de a\u00e7o, isso evita riscos em sua caneca.<\/li>\n<li class=\"QN2lPu\">Apesar de poder ser utilizada no Forno Micro-ondas, evite o uso excessivo, pois diminui a vida \u00fatil da sua Caneca.<\/li>\n<li class=\"QN2lPu\">Evite quedas e grandes impactos, pois pode trincar e lascar sua caneca.<\/li>\n<\/ul>\n","protected":false},"excerpt":{"rendered":"<p>ANTES DE FINALIZAR A COMPRA INFORME NA CAIXA DE OBSER\u00c7\u00c3O O NOME QUE DEVER\u00c1 SER ESTAMPADO. CASO CONTR\u00c1RIO SUA CANECA SEGUIR\u00c1 SEM O NOME. Nossas canecas s\u00e3o a escolha ideal para voc\u00ea presentear aquela pessoa querida ou at\u00e9 mesmo para voc\u00ea incluir na sua cole\u00e7\u00e3o. Produzidas com muito carinho e amor, com o objetivo de [&hellip;]<\/p>\n","protected":false},"author":1,"featured_media":1847,"comment_status":"open","ping_status":"open","sticky":false,"template":"","format":"standard","meta":{"footnotes":""},"categories":[1],"tags":[299],"class_list":["post-1","post","type-post","status-publish","format-standard","has-post-thumbnail","hentry","category-produtos","tag-caneta-para-terapeutas"],"acf":{"link":"https:\/\/s.shopee.com.br\/30flW974dV","gallery":"","click":3,"count":1},"yoast_head":"<!-- This site is optimized with the Yoast SEO plugin v27.2 - https:\/\/yoast.com\/product\/yoast-seo-wordpress\/ -->\n<title>Caneca Personalizada de Porcelana - Flork Profiss\u00f5es \/ Terapeuta Hol\u00edstica * Reiki - Vamos de Longevidade<\/title>\n<meta name=\"robots\" content=\"index, follow, max-snippet:-1, max-image-preview:large, max-video-preview:-1\" \/>\n<link rel=\"canonical\" href=\"https:\/\/vamosdelongevidade.com.br\/loja\/caneca-personalizada-de-porcelana-flork-profissoes-terapeuta-holistica-reiki\/\" \/>\n<meta property=\"og:locale\" content=\"pt_BR\" \/>\n<meta property=\"og:type\" content=\"article\" \/>\n<meta property=\"og:title\" content=\"Caneca Personalizada de Porcelana - Flork Profiss\u00f5es \/ Terapeuta Hol\u00edstica * Reiki - Vamos de Longevidade\" \/>\n<meta property=\"og:description\" content=\"ANTES DE FINALIZAR A COMPRA INFORME NA CAIXA DE OBSER\u00c7\u00c3O O NOME QUE DEVER\u00c1 SER ESTAMPADO. CASO CONTR\u00c1RIO SUA CANECA SEGUIR\u00c1 SEM O NOME. Nossas canecas s\u00e3o a escolha ideal para voc\u00ea presentear aquela pessoa querida ou at\u00e9 mesmo para voc\u00ea incluir na sua cole\u00e7\u00e3o. Produzidas com muito carinho e amor, com o objetivo de [&hellip;]\" \/>\n<meta property=\"og:url\" content=\"https:\/\/vamosdelongevidade.com.br\/loja\/caneca-personalizada-de-porcelana-flork-profissoes-terapeuta-holistica-reiki\/\" \/>\n<meta property=\"og:site_name\" content=\"Vamos de Longevidade\" \/>\n<meta property=\"article:published_time\" content=\"2024-12-19T15:29:54+00:00\" \/>\n<meta property=\"article:modified_time\" content=\"2025-10-29T23:51:30+00:00\" \/>\n<meta property=\"og:image\" content=\"https:\/\/vamosdelongevidade.com.br\/loja\/wp-content\/uploads\/2024\/12\/vamos-de-longevidade-caneca-terapeutica.webp\" \/>\n\t<meta property=\"og:image:width\" content=\"1000\" \/>\n\t<meta property=\"og:image:height\" content=\"1000\" \/>\n\t<meta property=\"og:image:type\" content=\"image\/webp\" \/>\n<meta name=\"author\" content=\"Vamos de Longevidade\" \/>\n<meta name=\"twitter:card\" content=\"summary_large_image\" \/>\n<meta name=\"twitter:label1\" content=\"Escrito por\" \/>\n\t<meta name=\"twitter:data1\" content=\"Vamos de Longevidade\" \/>\n\t<meta name=\"twitter:label2\" content=\"Est. tempo de leitura\" \/>\n\t<meta name=\"twitter:data2\" content=\"2 minutos\" \/>\n<script type=\"application\/ld+json\" class=\"yoast-schema-graph\">{\"@context\":\"https:\/\/schema.org\",\"@graph\":[{\"@type\":\"Article\",\"@id\":\"https:\/\/vamosdelongevidade.com.br\/loja\/caneca-personalizada-de-porcelana-flork-profissoes-terapeuta-holistica-reiki\/#article\",\"isPartOf\":{\"@id\":\"https:\/\/vamosdelongevidade.com.br\/loja\/caneca-personalizada-de-porcelana-flork-profissoes-terapeuta-holistica-reiki\/\"},\"author\":{\"name\":\"Vamos de Longevidade\",\"@id\":\"https:\/\/vamosdelongevidade.com.br\/loja\/#\/schema\/person\/5a8575355a107d05f914d0f84315035c\"},\"headline\":\"Caneca Personalizada de Porcelana &#8211; Flork Profiss\u00f5es \/ Terapeuta Hol\u00edstica * Reiki\",\"datePublished\":\"2024-12-19T15:29:54+00:00\",\"dateModified\":\"2025-10-29T23:51:30+00:00\",\"mainEntityOfPage\":{\"@id\":\"https:\/\/vamosdelongevidade.com.br\/loja\/caneca-personalizada-de-porcelana-flork-profissoes-terapeuta-holistica-reiki\/\"},\"wordCount\":249,\"commentCount\":0,\"image\":{\"@id\":\"https:\/\/vamosdelongevidade.com.br\/loja\/caneca-personalizada-de-porcelana-flork-profissoes-terapeuta-holistica-reiki\/#primaryimage\"},\"thumbnailUrl\":\"https:\/\/vamosdelongevidade.com.br\/loja\/wp-content\/uploads\/2024\/12\/vamos-de-longevidade-caneca-terapeutica.webp\",\"keywords\":[\"caneta para terapeutas\"],\"articleSection\":[\"Produtos\"],\"inLanguage\":\"pt-BR\",\"potentialAction\":[{\"@type\":\"CommentAction\",\"name\":\"Comment\",\"target\":[\"https:\/\/vamosdelongevidade.com.br\/loja\/caneca-personalizada-de-porcelana-flork-profissoes-terapeuta-holistica-reiki\/#respond\"]}]},{\"@type\":\"WebPage\",\"@id\":\"https:\/\/vamosdelongevidade.com.br\/loja\/caneca-personalizada-de-porcelana-flork-profissoes-terapeuta-holistica-reiki\/\",\"url\":\"https:\/\/vamosdelongevidade.com.br\/loja\/caneca-personalizada-de-porcelana-flork-profissoes-terapeuta-holistica-reiki\/\",\"name\":\"Caneca Personalizada de Porcelana - Flork Profiss\u00f5es \/ Terapeuta Hol\u00edstica * Reiki - Vamos de Longevidade\",\"isPartOf\":{\"@id\":\"https:\/\/vamosdelongevidade.com.br\/loja\/#website\"},\"primaryImageOfPage\":{\"@id\":\"https:\/\/vamosdelongevidade.com.br\/loja\/caneca-personalizada-de-porcelana-flork-profissoes-terapeuta-holistica-reiki\/#primaryimage\"},\"image\":{\"@id\":\"https:\/\/vamosdelongevidade.com.br\/loja\/caneca-personalizada-de-porcelana-flork-profissoes-terapeuta-holistica-reiki\/#primaryimage\"},\"thumbnailUrl\":\"https:\/\/vamosdelongevidade.com.br\/loja\/wp-content\/uploads\/2024\/12\/vamos-de-longevidade-caneca-terapeutica.webp\",\"datePublished\":\"2024-12-19T15:29:54+00:00\",\"dateModified\":\"2025-10-29T23:51:30+00:00\",\"author\":{\"@id\":\"https:\/\/vamosdelongevidade.com.br\/loja\/#\/schema\/person\/5a8575355a107d05f914d0f84315035c\"},\"breadcrumb\":{\"@id\":\"https:\/\/vamosdelongevidade.com.br\/loja\/caneca-personalizada-de-porcelana-flork-profissoes-terapeuta-holistica-reiki\/#breadcrumb\"},\"inLanguage\":\"pt-BR\",\"potentialAction\":[{\"@type\":\"ReadAction\",\"target\":[\"https:\/\/vamosdelongevidade.com.br\/loja\/caneca-personalizada-de-porcelana-flork-profissoes-terapeuta-holistica-reiki\/\"]}]},{\"@type\":\"ImageObject\",\"inLanguage\":\"pt-BR\",\"@id\":\"https:\/\/vamosdelongevidade.com.br\/loja\/caneca-personalizada-de-porcelana-flork-profissoes-terapeuta-holistica-reiki\/#primaryimage\",\"url\":\"https:\/\/vamosdelongevidade.com.br\/loja\/wp-content\/uploads\/2024\/12\/vamos-de-longevidade-caneca-terapeutica.webp\",\"contentUrl\":\"https:\/\/vamosdelongevidade.com.br\/loja\/wp-content\/uploads\/2024\/12\/vamos-de-longevidade-caneca-terapeutica.webp\",\"width\":1000,\"height\":1000},{\"@type\":\"BreadcrumbList\",\"@id\":\"https:\/\/vamosdelongevidade.com.br\/loja\/caneca-personalizada-de-porcelana-flork-profissoes-terapeuta-holistica-reiki\/#breadcrumb\",\"itemListElement\":[{\"@type\":\"ListItem\",\"position\":1,\"name\":\"In\u00edcio\",\"item\":\"https:\/\/vamosdelongevidade.com.br\/loja\/\"},{\"@type\":\"ListItem\",\"position\":2,\"name\":\"Caneca Personalizada de Porcelana &#8211; Flork Profiss\u00f5es \/ Terapeuta Hol\u00edstica * Reiki\"}]},{\"@type\":\"WebSite\",\"@id\":\"https:\/\/vamosdelongevidade.com.br\/loja\/#website\",\"url\":\"https:\/\/vamosdelongevidade.com.br\/loja\/\",\"name\":\"Vamos de Longevidade\",\"description\":\"Decida agora, comece hoje.\",\"potentialAction\":[{\"@type\":\"SearchAction\",\"target\":{\"@type\":\"EntryPoint\",\"urlTemplate\":\"https:\/\/vamosdelongevidade.com.br\/loja\/?s={search_term_string}\"},\"query-input\":{\"@type\":\"PropertyValueSpecification\",\"valueRequired\":true,\"valueName\":\"search_term_string\"}}],\"inLanguage\":\"pt-BR\"},{\"@type\":\"Person\",\"@id\":\"https:\/\/vamosdelongevidade.com.br\/loja\/#\/schema\/person\/5a8575355a107d05f914d0f84315035c\",\"name\":\"Vamos de Longevidade\",\"image\":{\"@type\":\"ImageObject\",\"inLanguage\":\"pt-BR\",\"@id\":\"https:\/\/secure.gravatar.com\/avatar\/a1f71044cdc62c6ca6a038c31496dbbccfa2b8d7fb012dab812d3dbe668d0928?s=96&d=mm&r=g\",\"url\":\"https:\/\/secure.gravatar.com\/avatar\/a1f71044cdc62c6ca6a038c31496dbbccfa2b8d7fb012dab812d3dbe668d0928?s=96&d=mm&r=g\",\"contentUrl\":\"https:\/\/secure.gravatar.com\/avatar\/a1f71044cdc62c6ca6a038c31496dbbccfa2b8d7fb012dab812d3dbe668d0928?s=96&d=mm&r=g\",\"caption\":\"Vamos de Longevidade\"},\"sameAs\":[\"https:\/\/vamosdelongevidade.com.br\/loja\"],\"url\":\"https:\/\/vamosdelongevidade.com.br\/loja\/author\/sprintcodes\/\"}]}<\/script>\n<!-- \/ Yoast SEO plugin. -->","yoast_head_json":{"title":"Caneca Personalizada de Porcelana - Flork Profiss\u00f5es \/ Terapeuta Hol\u00edstica * Reiki - Vamos de Longevidade","robots":{"index":"index","follow":"follow","max-snippet":"max-snippet:-1","max-image-preview":"max-image-preview:large","max-video-preview":"max-video-preview:-1"},"canonical":"https:\/\/vamosdelongevidade.com.br\/loja\/caneca-personalizada-de-porcelana-flork-profissoes-terapeuta-holistica-reiki\/","og_locale":"pt_BR","og_type":"article","og_title":"Caneca Personalizada de Porcelana - Flork Profiss\u00f5es \/ Terapeuta Hol\u00edstica * Reiki - Vamos de Longevidade","og_description":"ANTES DE FINALIZAR A COMPRA INFORME NA CAIXA DE OBSER\u00c7\u00c3O O NOME QUE DEVER\u00c1 SER ESTAMPADO. CASO CONTR\u00c1RIO SUA CANECA SEGUIR\u00c1 SEM O NOME. Nossas canecas s\u00e3o a escolha ideal para voc\u00ea presentear aquela pessoa querida ou at\u00e9 mesmo para voc\u00ea incluir na sua cole\u00e7\u00e3o. Produzidas com muito carinho e amor, com o objetivo de [&hellip;]","og_url":"https:\/\/vamosdelongevidade.com.br\/loja\/caneca-personalizada-de-porcelana-flork-profissoes-terapeuta-holistica-reiki\/","og_site_name":"Vamos de Longevidade","article_published_time":"2024-12-19T15:29:54+00:00","article_modified_time":"2025-10-29T23:51:30+00:00","og_image":[{"width":1000,"height":1000,"url":"https:\/\/vamosdelongevidade.com.br\/loja\/wp-content\/uploads\/2024\/12\/vamos-de-longevidade-caneca-terapeutica.webp","type":"image\/webp"}],"author":"Vamos de Longevidade","twitter_card":"summary_large_image","twitter_misc":{"Escrito por":"Vamos de Longevidade","Est. tempo de leitura":"2 minutos"},"schema":{"@context":"https:\/\/schema.org","@graph":[{"@type":"Article","@id":"https:\/\/vamosdelongevidade.com.br\/loja\/caneca-personalizada-de-porcelana-flork-profissoes-terapeuta-holistica-reiki\/#article","isPartOf":{"@id":"https:\/\/vamosdelongevidade.com.br\/loja\/caneca-personalizada-de-porcelana-flork-profissoes-terapeuta-holistica-reiki\/"},"author":{"name":"Vamos de Longevidade","@id":"https:\/\/vamosdelongevidade.com.br\/loja\/#\/schema\/person\/5a8575355a107d05f914d0f84315035c"},"headline":"Caneca Personalizada de Porcelana &#8211; Flork Profiss\u00f5es \/ Terapeuta Hol\u00edstica * Reiki","datePublished":"2024-12-19T15:29:54+00:00","dateModified":"2025-10-29T23:51:30+00:00","mainEntityOfPage":{"@id":"https:\/\/vamosdelongevidade.com.br\/loja\/caneca-personalizada-de-porcelana-flork-profissoes-terapeuta-holistica-reiki\/"},"wordCount":249,"commentCount":0,"image":{"@id":"https:\/\/vamosdelongevidade.com.br\/loja\/caneca-personalizada-de-porcelana-flork-profissoes-terapeuta-holistica-reiki\/#primaryimage"},"thumbnailUrl":"https:\/\/vamosdelongevidade.com.br\/loja\/wp-content\/uploads\/2024\/12\/vamos-de-longevidade-caneca-terapeutica.webp","keywords":["caneta para terapeutas"],"articleSection":["Produtos"],"inLanguage":"pt-BR","potentialAction":[{"@type":"CommentAction","name":"Comment","target":["https:\/\/vamosdelongevidade.com.br\/loja\/caneca-personalizada-de-porcelana-flork-profissoes-terapeuta-holistica-reiki\/#respond"]}]},{"@type":"WebPage","@id":"https:\/\/vamosdelongevidade.com.br\/loja\/caneca-personalizada-de-porcelana-flork-profissoes-terapeuta-holistica-reiki\/","url":"https:\/\/vamosdelongevidade.com.br\/loja\/caneca-personalizada-de-porcelana-flork-profissoes-terapeuta-holistica-reiki\/","name":"Caneca Personalizada de Porcelana - Flork Profiss\u00f5es \/ Terapeuta Hol\u00edstica * Reiki - Vamos de Longevidade","isPartOf":{"@id":"https:\/\/vamosdelongevidade.com.br\/loja\/#website"},"primaryImageOfPage":{"@id":"https:\/\/vamosdelongevidade.com.br\/loja\/caneca-personalizada-de-porcelana-flork-profissoes-terapeuta-holistica-reiki\/#primaryimage"},"image":{"@id":"https:\/\/vamosdelongevidade.com.br\/loja\/caneca-personalizada-de-porcelana-flork-profissoes-terapeuta-holistica-reiki\/#primaryimage"},"thumbnailUrl":"https:\/\/vamosdelongevidade.com.br\/loja\/wp-content\/uploads\/2024\/12\/vamos-de-longevidade-caneca-terapeutica.webp","datePublished":"2024-12-19T15:29:54+00:00","dateModified":"2025-10-29T23:51:30+00:00","author":{"@id":"https:\/\/vamosdelongevidade.com.br\/loja\/#\/schema\/person\/5a8575355a107d05f914d0f84315035c"},"breadcrumb":{"@id":"https:\/\/vamosdelongevidade.com.br\/loja\/caneca-personalizada-de-porcelana-flork-profissoes-terapeuta-holistica-reiki\/#breadcrumb"},"inLanguage":"pt-BR","potentialAction":[{"@type":"ReadAction","target":["https:\/\/vamosdelongevidade.com.br\/loja\/caneca-personalizada-de-porcelana-flork-profissoes-terapeuta-holistica-reiki\/"]}]},{"@type":"ImageObject","inLanguage":"pt-BR","@id":"https:\/\/vamosdelongevidade.com.br\/loja\/caneca-personalizada-de-porcelana-flork-profissoes-terapeuta-holistica-reiki\/#primaryimage","url":"https:\/\/vamosdelongevidade.com.br\/loja\/wp-content\/uploads\/2024\/12\/vamos-de-longevidade-caneca-terapeutica.webp","contentUrl":"https:\/\/vamosdelongevidade.com.br\/loja\/wp-content\/uploads\/2024\/12\/vamos-de-longevidade-caneca-terapeutica.webp","width":1000,"height":1000},{"@type":"BreadcrumbList","@id":"https:\/\/vamosdelongevidade.com.br\/loja\/caneca-personalizada-de-porcelana-flork-profissoes-terapeuta-holistica-reiki\/#breadcrumb","itemListElement":[{"@type":"ListItem","position":1,"name":"In\u00edcio","item":"https:\/\/vamosdelongevidade.com.br\/loja\/"},{"@type":"ListItem","position":2,"name":"Caneca Personalizada de Porcelana &#8211; Flork Profiss\u00f5es \/ Terapeuta Hol\u00edstica * Reiki"}]},{"@type":"WebSite","@id":"https:\/\/vamosdelongevidade.com.br\/loja\/#website","url":"https:\/\/vamosdelongevidade.com.br\/loja\/","name":"Vamos de Longevidade","description":"Decida agora, comece hoje.","potentialAction":[{"@type":"SearchAction","target":{"@type":"EntryPoint","urlTemplate":"https:\/\/vamosdelongevidade.com.br\/loja\/?s={search_term_string}"},"query-input":{"@type":"PropertyValueSpecification","valueRequired":true,"valueName":"search_term_string"}}],"inLanguage":"pt-BR"},{"@type":"Person","@id":"https:\/\/vamosdelongevidade.com.br\/loja\/#\/schema\/person\/5a8575355a107d05f914d0f84315035c","name":"Vamos de Longevidade","image":{"@type":"ImageObject","inLanguage":"pt-BR","@id":"https:\/\/secure.gravatar.com\/avatar\/a1f71044cdc62c6ca6a038c31496dbbccfa2b8d7fb012dab812d3dbe668d0928?s=96&d=mm&r=g","url":"https:\/\/secure.gravatar.com\/avatar\/a1f71044cdc62c6ca6a038c31496dbbccfa2b8d7fb012dab812d3dbe668d0928?s=96&d=mm&r=g","contentUrl":"https:\/\/secure.gravatar.com\/avatar\/a1f71044cdc62c6ca6a038c31496dbbccfa2b8d7fb012dab812d3dbe668d0928?s=96&d=mm&r=g","caption":"Vamos de Longevidade"},"sameAs":["https:\/\/vamosdelongevidade.com.br\/loja"],"url":"https:\/\/vamosdelongevidade.com.br\/loja\/author\/sprintcodes\/"}]}},"_links":{"self":[{"href":"https:\/\/vamosdelongevidade.com.br\/loja\/wp-json\/wp\/v2\/posts\/1","targetHints":{"allow":["GET"]}}],"collection":[{"href":"https:\/\/vamosdelongevidade.com.br\/loja\/wp-json\/wp\/v2\/posts"}],"about":[{"href":"https:\/\/vamosdelongevidade.com.br\/loja\/wp-json\/wp\/v2\/types\/post"}],"author":[{"embeddable":true,"href":"https:\/\/vamosdelongevidade.com.br\/loja\/wp-json\/wp\/v2\/users\/1"}],"replies":[{"embeddable":true,"href":"https:\/\/vamosdelongevidade.com.br\/loja\/wp-json\/wp\/v2\/comments?post=1"}],"version-history":[{"count":26,"href":"https:\/\/vamosdelongevidade.com.br\/loja\/wp-json\/wp\/v2\/posts\/1\/revisions"}],"predecessor-version":[{"id":1904,"href":"https:\/\/vamosdelongevidade.com.br\/loja\/wp-json\/wp\/v2\/posts\/1\/revisions\/1904"}],"wp:featuredmedia":[{"embeddable":true,"href":"https:\/\/vamosdelongevidade.com.br\/loja\/wp-json\/wp\/v2\/media\/1847"}],"wp:attachment":[{"href":"https:\/\/vamosdelongevidade.com.br\/loja\/wp-json\/wp\/v2\/media?parent=1"}],"wp:term":[{"taxonomy":"category","embeddable":true,"href":"https:\/\/vamosdelongevidade.com.br\/loja\/wp-json\/wp\/v2\/categories?post=1"},{"taxonomy":"post_tag","embeddable":true,"href":"https:\/\/vamosdelongevidade.com.br\/loja\/wp-json\/wp\/v2\/tags?post=1"}],"curies":[{"name":"wp","href":"https:\/\/api.w.org\/{rel}","templated":true}]}}